{"id":2292,"date":"2025-06-15T16:49:04","date_gmt":"2025-06-15T14:49:04","guid":{"rendered":"https:\/\/www.sofi64.com\/?p=2292"},"modified":"2025-06-17T10:53:01","modified_gmt":"2025-06-17T08:53:01","slug":"le-verbe-faire","status":"publish","type":"post","link":"https:\/\/www.sofi64.com\/fr\/le-verbe-faire\/","title":{"rendered":"Le verbe \u00ab\u00a0Faire\u00a0\u00bb"},"content":{"rendered":"<p style=\"text-align: center;\"><strong>1. FAIRE LA GRASSE MATIN\u00c9E ou FAIRE LA GRASSE MAT\u2019<\/strong><\/p>\n<p style=\"text-align: center;\">Si vous vous \u00eates lev\u00e9 (tr\u00e8s) tard ce week-end, vous avez profit\u00e9 de votre lit et n\u2019avez pas r\u00e9ussi \u00e0 en sortir alors vous avez \u00ab\u00a0fait la grasse matin\u00e9e\u00ab\u00a0. En g\u00e9n\u00e9ral, on la pratique surtout le week-end! \ud83d\ude42<\/p>\n<p style=\"text-align: center;\"><strong>2. FAIRE LA QUEUE<\/strong><\/p>\n<p style=\"text-align: center;\">Au supermarch\u00e9, \u00e0 la poste, \u00e0 la boulangerie (\u2026) on doit souvent attendre son tour pour payer. Les uns derri\u00e8re les autres, en ligne plus ou moins droite, les clients attendent pour payer. Ils \u00ab\u00a0font la queue\u00ab\u00a0!<\/p>\n<p style=\"text-align: center;\"><strong>3.\u00a0FAIRE LA T\u00caTE<\/strong><\/p>\n<p style=\"text-align: center;\">Votre petite amie vous a oubli\u00e9 alors que vous aviez rendez-vous au restaurant. Elle avait trop de travail et n\u2019a pas vu passer l\u2019heure. Vous pouvez lui dire que vous \u00eates en col\u00e8re mais ce n\u2019est pas une raison pour lui \u00ab\u00a0faire la t\u00eate\u00ab\u00a0. Ne restez pas f\u00e2ch\u00e9 , pardonnez-lui! \ud83d\ude42<\/p>\n<p style=\"text-align: center;\"><strong>4. FAIRE UN TOUR<\/strong><\/p>\n<p style=\"text-align: center;\">Vous avez fini le travail? Il fait beau et vous n\u2019avez pas envie de rentrer chez vous? Vous vous d\u00e9cidez donc pour une petite promenade et \u00ab\u00a0allez faire un tour\u00a0\u00bb \u00e0 la plage pour profiter du soleil et de la mer!<\/p>\n<p style=\"text-align: center;\"><strong>5. FAIRE \u00c0 MANGER<\/strong><\/p>\n<p style=\"text-align: center;\">C\u2019est l\u2019\u00e9t\u00e9, c\u2019est le soir. Il fait beau, il fait chaud, la plage est juste \u00e0 quelques pas\u2026 Vous avez faim mais vous n\u2019avez pas envie de \u00ab\u00a0faire \u00e0 manger\u00ab\u00a0. Vous choisissez donc de d\u00eener sur la plage. Une salade fra\u00eeche \u00e0 emporter et vous voil\u00e0 face \u00e0 la mer et \u00e0 un coucher de soleil m\u00e9morable! Bon app\u00e9tit!<\/p>\n<p style=\"text-align: center;\"><strong>BONUS\u00a0\u2013\u00a0La conjugaison du verbe *faire* au pr\u00e9sent:<\/strong><\/p>\n<p style=\"text-align: center;\"><strong>\u2014&gt; Je fais \/ Tu fais \/ Il fait \/ Nous faisons \/ Vous faites \/ Elles font<\/strong><\/p>\n","protected":false},"excerpt":{"rendered":"<p>1. FAIRE LA GRASSE MATIN\u00c9E ou FAIRE LA GRASSE MAT\u2019 Si vous vous \u00eates lev\u00e9 (tr\u00e8s) tard ce week-end, vous avez profit\u00e9 de votre lit et n\u2019avez pas r\u00e9ussi \u00e0 en sortir alors vous avez \u00ab\u00a0fait la grasse matin\u00e9e\u00ab\u00a0. En g\u00e9n\u00e9ral, on la pratique surtout le week-end! \ud83d\ude42 2. FAIRE LA QUEUE Au supermarch\u00e9, \u00e0 [&hellip;]<\/p>\n","protected":false},"author":2,"featured_media":2297,"comment_status":"closed","ping_status":"closed","sticky":false,"template":"","format":"standard","meta":{"_acf_changed":false,"footnotes":""},"categories":[1],"tags":[25,31,30],"class_list":["post-2292","post","type-post","status-publish","format-standard","has-post-thumbnail","hentry","category-non-categorise","tag-apprendre-le-francais","tag-expressions-francaises","tag-verbe-faire"],"acf":[],"yoast_head":"<!-- This site is optimized with the Yoast SEO plugin v27.3 - https:\/\/yoast.com\/product\/yoast-seo-wordpress\/ -->\n<title>Le verbe &quot;Faire&quot; | SOFI 64<\/title>\n<meta name=\"description\" content=\"D\u00e9couvrez 5 expressions avec le verbe &quot;Faire&quot; pour vous exprimer comme un fran\u00e7ais ! Alors, qu&#039;allez-vous en faire ?\" \/>\n<meta name=\"robots\" content=\"index, follow, max-snippet:-1, max-image-preview:large, max-video-preview:-1\" \/>\n<link rel=\"canonical\" href=\"https:\/\/www.sofi64.com\/fr\/le-verbe-faire\/\" \/>\n<meta property=\"og:locale\" content=\"fr_FR\" \/>\n<meta property=\"og:type\" content=\"article\" \/>\n<meta property=\"og:title\" content=\"Le verbe &quot;Faire&quot; | SOFI 64\" \/>\n<meta property=\"og:description\" content=\"D\u00e9couvrez 5 expressions avec le verbe &quot;Faire&quot; pour vous exprimer comme un fran\u00e7ais ! Alors, qu&#039;allez-vous en faire ?\" \/>\n<meta property=\"og:url\" content=\"https:\/\/www.sofi64.com\/fr\/le-verbe-faire\/\" \/>\n<meta property=\"og:site_name\" content=\"SOFI 64\" \/>\n<meta property=\"article:published_time\" content=\"2025-06-15T14:49:04+00:00\" \/>\n<meta property=\"article:modified_time\" content=\"2025-06-17T08:53:01+00:00\" \/>\n<meta property=\"og:image\" content=\"https:\/\/www.sofi64.com\/wp-content\/uploads\/2025\/06\/Capture-decran-2025-06-15-a-16.46.50.png\" \/>\n\t<meta property=\"og:image:width\" content=\"892\" \/>\n\t<meta property=\"og:image:height\" content=\"932\" \/>\n\t<meta property=\"og:image:type\" content=\"image\/png\" \/>\n<meta name=\"author\" content=\"sofi64\" \/>\n<meta name=\"twitter:card\" content=\"summary_large_image\" \/>\n<meta name=\"twitter:label1\" content=\"\u00c9crit par\" \/>\n\t<meta name=\"twitter:data1\" content=\"sofi64\" \/>\n\t<meta name=\"twitter:label2\" content=\"Dur\u00e9e de lecture estim\u00e9e\" \/>\n\t<meta name=\"twitter:data2\" content=\"2 minutes\" \/>\n<script type=\"application\/ld+json\" class=\"yoast-schema-graph\">{\"@context\":\"https:\\\/\\\/schema.org\",\"@graph\":[{\"@type\":\"Article\",\"@id\":\"https:\\\/\\\/www.sofi64.com\\\/fr\\\/le-verbe-faire\\\/#article\",\"isPartOf\":{\"@id\":\"https:\\\/\\\/www.sofi64.com\\\/fr\\\/le-verbe-faire\\\/\"},\"author\":{\"name\":\"sofi64\",\"@id\":\"https:\\\/\\\/www.sofi64.com\\\/#\\\/schema\\\/person\\\/18af9b4a7c5383b9f0cab774364d3226\"},\"headline\":\"Le verbe \u00ab\u00a0Faire\u00a0\u00bb\",\"datePublished\":\"2025-06-15T14:49:04+00:00\",\"dateModified\":\"2025-06-17T08:53:01+00:00\",\"mainEntityOfPage\":{\"@id\":\"https:\\\/\\\/www.sofi64.com\\\/fr\\\/le-verbe-faire\\\/\"},\"wordCount\":283,\"image\":{\"@id\":\"https:\\\/\\\/www.sofi64.com\\\/fr\\\/le-verbe-faire\\\/#primaryimage\"},\"thumbnailUrl\":\"https:\\\/\\\/www.sofi64.com\\\/wp-content\\\/uploads\\\/2025\\\/06\\\/Capture-decran-2025-06-15-a-16.46.50.png\",\"keywords\":[\"Apprendre le fran\u00e7ais\",\"Expressions Fran\u00e7aises\",\"Verbe \\\"Faire\\\"\"],\"articleSection\":[\"Non cat\u00e9goris\u00e9\"],\"inLanguage\":\"fr-FR\"},{\"@type\":\"WebPage\",\"@id\":\"https:\\\/\\\/www.sofi64.com\\\/fr\\\/le-verbe-faire\\\/\",\"url\":\"https:\\\/\\\/www.sofi64.com\\\/fr\\\/le-verbe-faire\\\/\",\"name\":\"Le verbe \\\"Faire\\\" | SOFI 64\",\"isPartOf\":{\"@id\":\"https:\\\/\\\/www.sofi64.com\\\/#website\"},\"primaryImageOfPage\":{\"@id\":\"https:\\\/\\\/www.sofi64.com\\\/fr\\\/le-verbe-faire\\\/#primaryimage\"},\"image\":{\"@id\":\"https:\\\/\\\/www.sofi64.com\\\/fr\\\/le-verbe-faire\\\/#primaryimage\"},\"thumbnailUrl\":\"https:\\\/\\\/www.sofi64.com\\\/wp-content\\\/uploads\\\/2025\\\/06\\\/Capture-decran-2025-06-15-a-16.46.50.png\",\"datePublished\":\"2025-06-15T14:49:04+00:00\",\"dateModified\":\"2025-06-17T08:53:01+00:00\",\"author\":{\"@id\":\"https:\\\/\\\/www.sofi64.com\\\/#\\\/schema\\\/person\\\/18af9b4a7c5383b9f0cab774364d3226\"},\"description\":\"D\u00e9couvrez 5 expressions avec le verbe \\\"Faire\\\" pour vous exprimer comme un fran\u00e7ais ! Alors, qu'allez-vous en faire ?\",\"breadcrumb\":{\"@id\":\"https:\\\/\\\/www.sofi64.com\\\/fr\\\/le-verbe-faire\\\/#breadcrumb\"},\"inLanguage\":\"fr-FR\",\"potentialAction\":[{\"@type\":\"ReadAction\",\"target\":[\"https:\\\/\\\/www.sofi64.com\\\/fr\\\/le-verbe-faire\\\/\"]}]},{\"@type\":\"ImageObject\",\"inLanguage\":\"fr-FR\",\"@id\":\"https:\\\/\\\/www.sofi64.com\\\/fr\\\/le-verbe-faire\\\/#primaryimage\",\"url\":\"https:\\\/\\\/www.sofi64.com\\\/wp-content\\\/uploads\\\/2025\\\/06\\\/Capture-decran-2025-06-15-a-16.46.50.png\",\"contentUrl\":\"https:\\\/\\\/www.sofi64.com\\\/wp-content\\\/uploads\\\/2025\\\/06\\\/Capture-decran-2025-06-15-a-16.46.50.png\",\"width\":892,\"height\":932,\"caption\":\"Faire les courses\"},{\"@type\":\"BreadcrumbList\",\"@id\":\"https:\\\/\\\/www.sofi64.com\\\/fr\\\/le-verbe-faire\\\/#breadcrumb\",\"itemListElement\":[{\"@type\":\"ListItem\",\"position\":1,\"name\":\"Home\",\"item\":\"https:\\\/\\\/www.sofi64.com\\\/fr\\\/\"},{\"@type\":\"ListItem\",\"position\":2,\"name\":\"Le verbe \u00ab\u00a0Faire\u00a0\u00bb\"}]},{\"@type\":\"WebSite\",\"@id\":\"https:\\\/\\\/www.sofi64.com\\\/#website\",\"url\":\"https:\\\/\\\/www.sofi64.com\\\/\",\"name\":\"SOFI 64 French Language School\",\"description\":\"\",\"potentialAction\":[{\"@type\":\"SearchAction\",\"target\":{\"@type\":\"EntryPoint\",\"urlTemplate\":\"https:\\\/\\\/www.sofi64.com\\\/?s={search_term_string}\"},\"query-input\":{\"@type\":\"PropertyValueSpecification\",\"valueRequired\":true,\"valueName\":\"search_term_string\"}}],\"inLanguage\":\"fr-FR\"},{\"@type\":\"Person\",\"@id\":\"https:\\\/\\\/www.sofi64.com\\\/#\\\/schema\\\/person\\\/18af9b4a7c5383b9f0cab774364d3226\",\"name\":\"sofi64\",\"image\":{\"@type\":\"ImageObject\",\"inLanguage\":\"fr-FR\",\"@id\":\"https:\\\/\\\/secure.gravatar.com\\\/avatar\\\/345afd6b16b32e34fa9b7ec1dd431f222989f7a5b939c97b47b2c2fda4ff6f21?s=96&d=mm&r=g\",\"url\":\"https:\\\/\\\/secure.gravatar.com\\\/avatar\\\/345afd6b16b32e34fa9b7ec1dd431f222989f7a5b939c97b47b2c2fda4ff6f21?s=96&d=mm&r=g\",\"contentUrl\":\"https:\\\/\\\/secure.gravatar.com\\\/avatar\\\/345afd6b16b32e34fa9b7ec1dd431f222989f7a5b939c97b47b2c2fda4ff6f21?s=96&d=mm&r=g\",\"caption\":\"sofi64\"},\"url\":\"https:\\\/\\\/www.sofi64.com\\\/fr\\\/author\\\/sofi64\\\/\"}]}<\/script>\n<!-- \/ Yoast SEO plugin. -->","yoast_head_json":{"title":"Le verbe \"Faire\" | SOFI 64","description":"D\u00e9couvrez 5 expressions avec le verbe \"Faire\" pour vous exprimer comme un fran\u00e7ais ! Alors, qu'allez-vous en faire ?","robots":{"index":"index","follow":"follow","max-snippet":"max-snippet:-1","max-image-preview":"max-image-preview:large","max-video-preview":"max-video-preview:-1"},"canonical":"https:\/\/www.sofi64.com\/fr\/le-verbe-faire\/","og_locale":"fr_FR","og_type":"article","og_title":"Le verbe \"Faire\" | SOFI 64","og_description":"D\u00e9couvrez 5 expressions avec le verbe \"Faire\" pour vous exprimer comme un fran\u00e7ais ! Alors, qu'allez-vous en faire ?","og_url":"https:\/\/www.sofi64.com\/fr\/le-verbe-faire\/","og_site_name":"SOFI 64","article_published_time":"2025-06-15T14:49:04+00:00","article_modified_time":"2025-06-17T08:53:01+00:00","og_image":[{"width":892,"height":932,"url":"https:\/\/www.sofi64.com\/wp-content\/uploads\/2025\/06\/Capture-decran-2025-06-15-a-16.46.50.png","type":"image\/png"}],"author":"sofi64","twitter_card":"summary_large_image","twitter_misc":{"\u00c9crit par":"sofi64","Dur\u00e9e de lecture estim\u00e9e":"2 minutes"},"schema":{"@context":"https:\/\/schema.org","@graph":[{"@type":"Article","@id":"https:\/\/www.sofi64.com\/fr\/le-verbe-faire\/#article","isPartOf":{"@id":"https:\/\/www.sofi64.com\/fr\/le-verbe-faire\/"},"author":{"name":"sofi64","@id":"https:\/\/www.sofi64.com\/#\/schema\/person\/18af9b4a7c5383b9f0cab774364d3226"},"headline":"Le verbe \u00ab\u00a0Faire\u00a0\u00bb","datePublished":"2025-06-15T14:49:04+00:00","dateModified":"2025-06-17T08:53:01+00:00","mainEntityOfPage":{"@id":"https:\/\/www.sofi64.com\/fr\/le-verbe-faire\/"},"wordCount":283,"image":{"@id":"https:\/\/www.sofi64.com\/fr\/le-verbe-faire\/#primaryimage"},"thumbnailUrl":"https:\/\/www.sofi64.com\/wp-content\/uploads\/2025\/06\/Capture-decran-2025-06-15-a-16.46.50.png","keywords":["Apprendre le fran\u00e7ais","Expressions Fran\u00e7aises","Verbe \"Faire\""],"articleSection":["Non cat\u00e9goris\u00e9"],"inLanguage":"fr-FR"},{"@type":"WebPage","@id":"https:\/\/www.sofi64.com\/fr\/le-verbe-faire\/","url":"https:\/\/www.sofi64.com\/fr\/le-verbe-faire\/","name":"Le verbe \"Faire\" | SOFI 64","isPartOf":{"@id":"https:\/\/www.sofi64.com\/#website"},"primaryImageOfPage":{"@id":"https:\/\/www.sofi64.com\/fr\/le-verbe-faire\/#primaryimage"},"image":{"@id":"https:\/\/www.sofi64.com\/fr\/le-verbe-faire\/#primaryimage"},"thumbnailUrl":"https:\/\/www.sofi64.com\/wp-content\/uploads\/2025\/06\/Capture-decran-2025-06-15-a-16.46.50.png","datePublished":"2025-06-15T14:49:04+00:00","dateModified":"2025-06-17T08:53:01+00:00","author":{"@id":"https:\/\/www.sofi64.com\/#\/schema\/person\/18af9b4a7c5383b9f0cab774364d3226"},"description":"D\u00e9couvrez 5 expressions avec le verbe \"Faire\" pour vous exprimer comme un fran\u00e7ais ! Alors, qu'allez-vous en faire ?","breadcrumb":{"@id":"https:\/\/www.sofi64.com\/fr\/le-verbe-faire\/#breadcrumb"},"inLanguage":"fr-FR","potentialAction":[{"@type":"ReadAction","target":["https:\/\/www.sofi64.com\/fr\/le-verbe-faire\/"]}]},{"@type":"ImageObject","inLanguage":"fr-FR","@id":"https:\/\/www.sofi64.com\/fr\/le-verbe-faire\/#primaryimage","url":"https:\/\/www.sofi64.com\/wp-content\/uploads\/2025\/06\/Capture-decran-2025-06-15-a-16.46.50.png","contentUrl":"https:\/\/www.sofi64.com\/wp-content\/uploads\/2025\/06\/Capture-decran-2025-06-15-a-16.46.50.png","width":892,"height":932,"caption":"Faire les courses"},{"@type":"BreadcrumbList","@id":"https:\/\/www.sofi64.com\/fr\/le-verbe-faire\/#breadcrumb","itemListElement":[{"@type":"ListItem","position":1,"name":"Home","item":"https:\/\/www.sofi64.com\/fr\/"},{"@type":"ListItem","position":2,"name":"Le verbe \u00ab\u00a0Faire\u00a0\u00bb"}]},{"@type":"WebSite","@id":"https:\/\/www.sofi64.com\/#website","url":"https:\/\/www.sofi64.com\/","name":"SOFI 64 French Language School","description":"","potentialAction":[{"@type":"SearchAction","target":{"@type":"EntryPoint","urlTemplate":"https:\/\/www.sofi64.com\/?s={search_term_string}"},"query-input":{"@type":"PropertyValueSpecification","valueRequired":true,"valueName":"search_term_string"}}],"inLanguage":"fr-FR"},{"@type":"Person","@id":"https:\/\/www.sofi64.com\/#\/schema\/person\/18af9b4a7c5383b9f0cab774364d3226","name":"sofi64","image":{"@type":"ImageObject","inLanguage":"fr-FR","@id":"https:\/\/secure.gravatar.com\/avatar\/345afd6b16b32e34fa9b7ec1dd431f222989f7a5b939c97b47b2c2fda4ff6f21?s=96&d=mm&r=g","url":"https:\/\/secure.gravatar.com\/avatar\/345afd6b16b32e34fa9b7ec1dd431f222989f7a5b939c97b47b2c2fda4ff6f21?s=96&d=mm&r=g","contentUrl":"https:\/\/secure.gravatar.com\/avatar\/345afd6b16b32e34fa9b7ec1dd431f222989f7a5b939c97b47b2c2fda4ff6f21?s=96&d=mm&r=g","caption":"sofi64"},"url":"https:\/\/www.sofi64.com\/fr\/author\/sofi64\/"}]}},"_links":{"self":[{"href":"https:\/\/www.sofi64.com\/fr\/wp-json\/wp\/v2\/posts\/2292","targetHints":{"allow":["GET"]}}],"collection":[{"href":"https:\/\/www.sofi64.com\/fr\/wp-json\/wp\/v2\/posts"}],"about":[{"href":"https:\/\/www.sofi64.com\/fr\/wp-json\/wp\/v2\/types\/post"}],"author":[{"embeddable":true,"href":"https:\/\/www.sofi64.com\/fr\/wp-json\/wp\/v2\/users\/2"}],"replies":[{"embeddable":true,"href":"https:\/\/www.sofi64.com\/fr\/wp-json\/wp\/v2\/comments?post=2292"}],"version-history":[{"count":8,"href":"https:\/\/www.sofi64.com\/fr\/wp-json\/wp\/v2\/posts\/2292\/revisions"}],"predecessor-version":[{"id":2621,"href":"https:\/\/www.sofi64.com\/fr\/wp-json\/wp\/v2\/posts\/2292\/revisions\/2621"}],"wp:featuredmedia":[{"embeddable":true,"href":"https:\/\/www.sofi64.com\/fr\/wp-json\/wp\/v2\/media\/2297"}],"wp:attachment":[{"href":"https:\/\/www.sofi64.com\/fr\/wp-json\/wp\/v2\/media?parent=2292"}],"wp:term":[{"taxonomy":"category","embeddable":true,"href":"https:\/\/www.sofi64.com\/fr\/wp-json\/wp\/v2\/categories?post=2292"},{"taxonomy":"post_tag","embeddable":true,"href":"https:\/\/www.sofi64.com\/fr\/wp-json\/wp\/v2\/tags?post=2292"}],"curies":[{"name":"wp","href":"https:\/\/api.w.org\/{rel}","templated":true}]}}