{"id":5018,"date":"2025-11-03T15:14:35","date_gmt":"2025-11-03T14:14:35","guid":{"rendered":"https:\/\/www.sofi64.com\/preparation-delf-b2-speciale-hiver-2026\/"},"modified":"2025-11-13T17:03:52","modified_gmt":"2025-11-13T16:03:52","slug":"preparation-delf-b2-speciale-hiver-2026","status":"publish","type":"post","link":"https:\/\/www.sofi64.com\/fr\/preparation-delf-b2-speciale-hiver-2026\/","title":{"rendered":"Pr\u00e9paration DELF B2 \u2013 Sp\u00e9ciale Hiver 2026"},"content":{"rendered":"<p>&nbsp;<\/p>\n<p>Cette <strong data-start=\"500\" data-end=\"553\">\u00e9dition sp\u00e9ciale de notre programme Pr\u00e9pa DELF B2<\/strong> associe <strong data-start=\"562\" data-end=\"585\">formation intensive<\/strong> et <strong data-start=\"589\" data-end=\"613\">ouverture culturelle<\/strong> : deux activit\u00e9s par semaine pour pratiquer le fran\u00e7ais autrement, rencontrer d\u2019autres apprenants et d\u00e9couvrir la r\u00e9gion basque hors saison.<\/p>\n<hr data-start=\"925\" data-end=\"928\" \/>\n<h3 data-start=\"732\" data-end=\"747\">En bref<\/h3>\n<p data-start=\"749\" data-end=\"923\"><strong data-start=\"774\" data-end=\"788\">Dates :<\/strong> du 16 f\u00e9vrier au 13 mars 2026<\/p>\n<p data-start=\"749\" data-end=\"923\"><strong data-start=\"821\" data-end=\"834\">Lieu :<\/strong> SOFI 64 \u2013 Anglet<\/p>\n<p data-start=\"749\" data-end=\"923\"><strong data-start=\"854\" data-end=\"871\">Objectif :<\/strong> r\u00e9ussir le DELF B2 et gagner en confiance \u00e0 l\u2019oral comme \u00e0 l\u2019\u00e9crit<\/p>\n<p data-start=\"749\" data-end=\"923\"><strong data-start=\"941\" data-end=\"955\">Tarif :<\/strong> 1 842 \u20ac <em>(cours et activit\u00e9s compris)<\/em><\/p>\n<hr data-start=\"925\" data-end=\"928\" \/>\n<h3 data-start=\"930\" data-end=\"949\">Ce que comprend la session<\/h3>\n<ul>\n<li data-start=\"1019\" data-end=\"1084\"><strong data-start=\"1019\" data-end=\"1038\">Cours intensifs<\/strong> couvrant l\u2019ensemble des \u00e9preuves du DELF B2<\/li>\n<li data-start=\"1087\" data-end=\"1153\"><strong data-start=\"1087\" data-end=\"1103\">M\u00e9thodologie<\/strong> et entra\u00eenement \u00e0 partir de sujets authentiques<\/li>\n<li data-start=\"1156\" data-end=\"1216\"><strong data-start=\"1156\" data-end=\"1178\">Tutorat individuel<\/strong> pour un accompagnement personnalis\u00e9<\/li>\n<li data-start=\"1219\" data-end=\"1306\"><strong data-start=\"1219\" data-end=\"1258\">2 activit\u00e9s culturelles par semaine<\/strong> (visites, rencontres, ateliers de d\u00e9couverte)<\/li>\n<li data-start=\"1309\" data-end=\"1368\"><strong data-start=\"1309\" data-end=\"1338\">\u00c9valuation de progression<\/strong> en d\u00e9but et en fin de stage<\/li>\n<\/ul>\n<hr data-start=\"1326\" data-end=\"1329\" \/>\n<h3 data-start=\"1331\" data-end=\"1349\">Pour qui ?<\/h3>\n<p data-start=\"1443\" data-end=\"1519\">Cette session s\u2019adresse aux <strong data-start=\"1471\" data-end=\"1504\">adultes de niveau B1+ minimum<\/strong> souhaitant :<\/p>\n<ul data-start=\"1520\" data-end=\"1695\">\n<li data-start=\"1520\" data-end=\"1560\">\n<p data-start=\"1522\" data-end=\"1560\">se pr\u00e9parer s\u00e9rieusement au DELF B2,<\/p>\n<\/li>\n<li data-start=\"1561\" data-end=\"1611\">\n<p data-start=\"1563\" data-end=\"1611\">am\u00e9liorer leurs comp\u00e9tences orales et \u00e9crites,<\/p>\n<\/li>\n<li data-start=\"1612\" data-end=\"1695\">\n<p data-start=\"1614\" data-end=\"1695\">vivre une exp\u00e9rience d\u2019apprentissage compl\u00e8te dans un cadre calme et convivial.<\/p>\n<\/li>\n<\/ul>\n<hr data-start=\"1557\" data-end=\"1560\" \/>\n<h3 data-start=\"1562\" data-end=\"1594\">Pourquoi cette session sp\u00e9ciale ?<\/h3>\n<p data-start=\"1596\" data-end=\"1781\">Parce qu\u2019en hiver, Anglet se fait plus tranquille.<br data-start=\"1791\" data-end=\"1794\" \/>C\u2019est le bon moment pour <strong data-start=\"1819\" data-end=\"1851\">prendre le temps d\u2019apprendre<\/strong>, <strong data-start=\"1853\" data-end=\"1865\">\u00e9changer<\/strong> et <strong data-start=\"1869\" data-end=\"1904\">se concentrer sur ses objectifs<\/strong>.<br data-start=\"1905\" data-end=\"1908\" \/>Une p\u00e9riode propice \u00e0 la progression, loin de l\u2019agitation estivale.<\/p>\n<hr data-start=\"1783\" data-end=\"1786\" \/>\n<h3 data-start=\"1788\" data-end=\"1804\">Renseignements &amp; Inscriptions<\/h3>\n<p data-start=\"1806\" data-end=\"1918\"><a href=\"https:\/\/www.sofi64.com\/fr\/inscription\/\" target=\"_blank\" rel=\"noopener\"><strong data-start=\"1809\" data-end=\"1834\">Inscriptions ouvertes <\/strong><\/a><strong data-start=\"1809\" data-end=\"1834\">!<\/strong><\/p>\n<p data-start=\"1806\" data-end=\"1918\">\u27a1\ufe0f Places limit\u00e9es pour garantir la qualit\u00e9 des prestations<\/p>\n<p data-start=\"1806\" data-end=\"1918\">\ud83d\udce9 Des questions? <a class=\"decorated-link cursor-pointer\" rel=\"noopener\" data-start=\"1898\" data-end=\"1916\">info@sofi64.com<\/a><\/p>\n","protected":false},"excerpt":{"rendered":"<p>&nbsp; Cette \u00e9dition sp\u00e9ciale de notre programme Pr\u00e9pa DELF B2 associe formation intensive et ouverture culturelle : deux activit\u00e9s par semaine pour pratiquer le fran\u00e7ais autrement, rencontrer d\u2019autres apprenants et d\u00e9couvrir la r\u00e9gion basque hors saison. En bref Dates : du 16 f\u00e9vrier au 13 mars 2026 Lieu : SOFI 64 \u2013 Anglet Objectif : [&hellip;]<\/p>\n","protected":false},"author":2,"featured_media":5012,"comment_status":"closed","ping_status":"closed","sticky":true,"template":"","format":"standard","meta":{"_acf_changed":false,"footnotes":""},"categories":[75],"tags":[163,165,164,166],"class_list":["post-5018","post","type-post","status-publish","format-standard","has-post-thumbnail","hentry","category-non-categorise-fr","tag-delf-b2-fr","tag-diplome-francais","tag-preparation-delf-b2","tag-test-francais"],"acf":[],"yoast_head":"<!-- This site is optimized with the Yoast SEO plugin v27.3 - https:\/\/yoast.com\/product\/yoast-seo-wordpress\/ -->\n<title>Pr\u00e9paration DELF B2 \u2013 Sp\u00e9ciale Hiver 2026 | SOFI 64<\/title>\n<meta name=\"description\" content=\"Cet hiver, rejoignez notre programme sp\u00e9cial de pr\u00e9paration au DELF B2. Concentrez-vous sur vos objectifs et r\u00e9ussissez votre examen.\" \/>\n<meta name=\"robots\" content=\"index, follow, max-snippet:-1, max-image-preview:large, max-video-preview:-1\" \/>\n<link rel=\"canonical\" href=\"https:\/\/www.sofi64.com\/delf-b2-preparation-special-winter\/\" \/>\n<meta property=\"og:locale\" content=\"fr_FR\" \/>\n<meta property=\"og:type\" content=\"article\" \/>\n<meta property=\"og:title\" content=\"Pr\u00e9paration DELF B2 \u2013 Sp\u00e9ciale Hiver 2026 | SOFI 64\" \/>\n<meta property=\"og:description\" content=\"Cet hiver, rejoignez notre programme sp\u00e9cial de pr\u00e9paration au DELF B2. Concentrez-vous sur vos objectifs et r\u00e9ussissez votre examen.\" \/>\n<meta property=\"og:url\" content=\"https:\/\/www.sofi64.com\/delf-b2-preparation-special-winter\/\" \/>\n<meta property=\"og:site_name\" content=\"SOFI 64\" \/>\n<meta property=\"article:published_time\" content=\"2025-11-03T14:14:35+00:00\" \/>\n<meta property=\"article:modified_time\" content=\"2025-11-13T16:03:52+00:00\" \/>\n<meta property=\"og:image\" content=\"https:\/\/www.sofi64.com\/wp-content\/uploads\/2025\/11\/DELF-B2-Prep-e1762178655499.png\" \/>\n\t<meta property=\"og:image:width\" content=\"600\" \/>\n\t<meta property=\"og:image:height\" content=\"1200\" \/>\n\t<meta property=\"og:image:type\" content=\"image\/png\" \/>\n<meta name=\"author\" content=\"sofi64\" \/>\n<meta name=\"twitter:card\" content=\"summary_large_image\" \/>\n<meta name=\"twitter:label1\" content=\"\u00c9crit par\" \/>\n\t<meta name=\"twitter:data1\" content=\"sofi64\" \/>\n\t<meta name=\"twitter:label2\" content=\"Dur\u00e9e de lecture estim\u00e9e\" \/>\n\t<meta name=\"twitter:data2\" content=\"2 minutes\" \/>\n<script type=\"application\/ld+json\" class=\"yoast-schema-graph\">{\"@context\":\"https:\\\/\\\/schema.org\",\"@graph\":[{\"@type\":\"Article\",\"@id\":\"https:\\\/\\\/www.sofi64.com\\\/delf-b2-preparation-special-winter\\\/#article\",\"isPartOf\":{\"@id\":\"https:\\\/\\\/www.sofi64.com\\\/delf-b2-preparation-special-winter\\\/\"},\"author\":{\"name\":\"sofi64\",\"@id\":\"https:\\\/\\\/www.sofi64.com\\\/#\\\/schema\\\/person\\\/18af9b4a7c5383b9f0cab774364d3226\"},\"headline\":\"Pr\u00e9paration DELF B2 \u2013 Sp\u00e9ciale Hiver 2026\",\"datePublished\":\"2025-11-03T14:14:35+00:00\",\"dateModified\":\"2025-11-13T16:03:52+00:00\",\"mainEntityOfPage\":{\"@id\":\"https:\\\/\\\/www.sofi64.com\\\/delf-b2-preparation-special-winter\\\/\"},\"wordCount\":238,\"image\":{\"@id\":\"https:\\\/\\\/www.sofi64.com\\\/delf-b2-preparation-special-winter\\\/#primaryimage\"},\"thumbnailUrl\":\"https:\\\/\\\/www.sofi64.com\\\/wp-content\\\/uploads\\\/2025\\\/11\\\/DELF-B2-Prep-e1762178655499.png\",\"keywords\":[\"DELF B2\",\"Dipl\u00f4me fran\u00e7ais\",\"Pr\u00e9paration DELF B2\",\"Test fran\u00e7ais\"],\"articleSection\":[\"Non cat\u00e9goris\u00e9\"],\"inLanguage\":\"fr-FR\"},{\"@type\":\"WebPage\",\"@id\":\"https:\\\/\\\/www.sofi64.com\\\/delf-b2-preparation-special-winter\\\/\",\"url\":\"https:\\\/\\\/www.sofi64.com\\\/delf-b2-preparation-special-winter\\\/\",\"name\":\"Pr\u00e9paration DELF B2 \u2013 Sp\u00e9ciale Hiver 2026 | SOFI 64\",\"isPartOf\":{\"@id\":\"https:\\\/\\\/www.sofi64.com\\\/#website\"},\"primaryImageOfPage\":{\"@id\":\"https:\\\/\\\/www.sofi64.com\\\/delf-b2-preparation-special-winter\\\/#primaryimage\"},\"image\":{\"@id\":\"https:\\\/\\\/www.sofi64.com\\\/delf-b2-preparation-special-winter\\\/#primaryimage\"},\"thumbnailUrl\":\"https:\\\/\\\/www.sofi64.com\\\/wp-content\\\/uploads\\\/2025\\\/11\\\/DELF-B2-Prep-e1762178655499.png\",\"datePublished\":\"2025-11-03T14:14:35+00:00\",\"dateModified\":\"2025-11-13T16:03:52+00:00\",\"author\":{\"@id\":\"https:\\\/\\\/www.sofi64.com\\\/#\\\/schema\\\/person\\\/18af9b4a7c5383b9f0cab774364d3226\"},\"description\":\"Cet hiver, rejoignez notre programme sp\u00e9cial de pr\u00e9paration au DELF B2. Concentrez-vous sur vos objectifs et r\u00e9ussissez votre examen.\",\"breadcrumb\":{\"@id\":\"https:\\\/\\\/www.sofi64.com\\\/delf-b2-preparation-special-winter\\\/#breadcrumb\"},\"inLanguage\":\"fr-FR\",\"potentialAction\":[{\"@type\":\"ReadAction\",\"target\":[\"https:\\\/\\\/www.sofi64.com\\\/delf-b2-preparation-special-winter\\\/\"]}]},{\"@type\":\"ImageObject\",\"inLanguage\":\"fr-FR\",\"@id\":\"https:\\\/\\\/www.sofi64.com\\\/delf-b2-preparation-special-winter\\\/#primaryimage\",\"url\":\"https:\\\/\\\/www.sofi64.com\\\/wp-content\\\/uploads\\\/2025\\\/11\\\/DELF-B2-Prep-e1762178655499.png\",\"contentUrl\":\"https:\\\/\\\/www.sofi64.com\\\/wp-content\\\/uploads\\\/2025\\\/11\\\/DELF-B2-Prep-e1762178655499.png\",\"width\":600,\"height\":1200,\"caption\":\"DELF B2 Preparation\"},{\"@type\":\"BreadcrumbList\",\"@id\":\"https:\\\/\\\/www.sofi64.com\\\/delf-b2-preparation-special-winter\\\/#breadcrumb\",\"itemListElement\":[{\"@type\":\"ListItem\",\"position\":1,\"name\":\"Home\",\"item\":\"https:\\\/\\\/www.sofi64.com\\\/fr\\\/\"},{\"@type\":\"ListItem\",\"position\":2,\"name\":\"Pr\u00e9paration DELF B2 \u2013 Sp\u00e9ciale Hiver 2026\"}]},{\"@type\":\"WebSite\",\"@id\":\"https:\\\/\\\/www.sofi64.com\\\/#website\",\"url\":\"https:\\\/\\\/www.sofi64.com\\\/\",\"name\":\"SOFI 64 French Language School\",\"description\":\"\",\"potentialAction\":[{\"@type\":\"SearchAction\",\"target\":{\"@type\":\"EntryPoint\",\"urlTemplate\":\"https:\\\/\\\/www.sofi64.com\\\/?s={search_term_string}\"},\"query-input\":{\"@type\":\"PropertyValueSpecification\",\"valueRequired\":true,\"valueName\":\"search_term_string\"}}],\"inLanguage\":\"fr-FR\"},{\"@type\":\"Person\",\"@id\":\"https:\\\/\\\/www.sofi64.com\\\/#\\\/schema\\\/person\\\/18af9b4a7c5383b9f0cab774364d3226\",\"name\":\"sofi64\",\"image\":{\"@type\":\"ImageObject\",\"inLanguage\":\"fr-FR\",\"@id\":\"https:\\\/\\\/secure.gravatar.com\\\/avatar\\\/345afd6b16b32e34fa9b7ec1dd431f222989f7a5b939c97b47b2c2fda4ff6f21?s=96&d=mm&r=g\",\"url\":\"https:\\\/\\\/secure.gravatar.com\\\/avatar\\\/345afd6b16b32e34fa9b7ec1dd431f222989f7a5b939c97b47b2c2fda4ff6f21?s=96&d=mm&r=g\",\"contentUrl\":\"https:\\\/\\\/secure.gravatar.com\\\/avatar\\\/345afd6b16b32e34fa9b7ec1dd431f222989f7a5b939c97b47b2c2fda4ff6f21?s=96&d=mm&r=g\",\"caption\":\"sofi64\"},\"url\":\"https:\\\/\\\/www.sofi64.com\\\/fr\\\/author\\\/sofi64\\\/\"}]}<\/script>\n<!-- \/ Yoast SEO plugin. -->","yoast_head_json":{"title":"Pr\u00e9paration DELF B2 \u2013 Sp\u00e9ciale Hiver 2026 | SOFI 64","description":"Cet hiver, rejoignez notre programme sp\u00e9cial de pr\u00e9paration au DELF B2. Concentrez-vous sur vos objectifs et r\u00e9ussissez votre examen.","robots":{"index":"index","follow":"follow","max-snippet":"max-snippet:-1","max-image-preview":"max-image-preview:large","max-video-preview":"max-video-preview:-1"},"canonical":"https:\/\/www.sofi64.com\/delf-b2-preparation-special-winter\/","og_locale":"fr_FR","og_type":"article","og_title":"Pr\u00e9paration DELF B2 \u2013 Sp\u00e9ciale Hiver 2026 | SOFI 64","og_description":"Cet hiver, rejoignez notre programme sp\u00e9cial de pr\u00e9paration au DELF B2. Concentrez-vous sur vos objectifs et r\u00e9ussissez votre examen.","og_url":"https:\/\/www.sofi64.com\/delf-b2-preparation-special-winter\/","og_site_name":"SOFI 64","article_published_time":"2025-11-03T14:14:35+00:00","article_modified_time":"2025-11-13T16:03:52+00:00","og_image":[{"width":600,"height":1200,"url":"https:\/\/www.sofi64.com\/wp-content\/uploads\/2025\/11\/DELF-B2-Prep-e1762178655499.png","type":"image\/png"}],"author":"sofi64","twitter_card":"summary_large_image","twitter_misc":{"\u00c9crit par":"sofi64","Dur\u00e9e de lecture estim\u00e9e":"2 minutes"},"schema":{"@context":"https:\/\/schema.org","@graph":[{"@type":"Article","@id":"https:\/\/www.sofi64.com\/delf-b2-preparation-special-winter\/#article","isPartOf":{"@id":"https:\/\/www.sofi64.com\/delf-b2-preparation-special-winter\/"},"author":{"name":"sofi64","@id":"https:\/\/www.sofi64.com\/#\/schema\/person\/18af9b4a7c5383b9f0cab774364d3226"},"headline":"Pr\u00e9paration DELF B2 \u2013 Sp\u00e9ciale Hiver 2026","datePublished":"2025-11-03T14:14:35+00:00","dateModified":"2025-11-13T16:03:52+00:00","mainEntityOfPage":{"@id":"https:\/\/www.sofi64.com\/delf-b2-preparation-special-winter\/"},"wordCount":238,"image":{"@id":"https:\/\/www.sofi64.com\/delf-b2-preparation-special-winter\/#primaryimage"},"thumbnailUrl":"https:\/\/www.sofi64.com\/wp-content\/uploads\/2025\/11\/DELF-B2-Prep-e1762178655499.png","keywords":["DELF B2","Dipl\u00f4me fran\u00e7ais","Pr\u00e9paration DELF B2","Test fran\u00e7ais"],"articleSection":["Non cat\u00e9goris\u00e9"],"inLanguage":"fr-FR"},{"@type":"WebPage","@id":"https:\/\/www.sofi64.com\/delf-b2-preparation-special-winter\/","url":"https:\/\/www.sofi64.com\/delf-b2-preparation-special-winter\/","name":"Pr\u00e9paration DELF B2 \u2013 Sp\u00e9ciale Hiver 2026 | SOFI 64","isPartOf":{"@id":"https:\/\/www.sofi64.com\/#website"},"primaryImageOfPage":{"@id":"https:\/\/www.sofi64.com\/delf-b2-preparation-special-winter\/#primaryimage"},"image":{"@id":"https:\/\/www.sofi64.com\/delf-b2-preparation-special-winter\/#primaryimage"},"thumbnailUrl":"https:\/\/www.sofi64.com\/wp-content\/uploads\/2025\/11\/DELF-B2-Prep-e1762178655499.png","datePublished":"2025-11-03T14:14:35+00:00","dateModified":"2025-11-13T16:03:52+00:00","author":{"@id":"https:\/\/www.sofi64.com\/#\/schema\/person\/18af9b4a7c5383b9f0cab774364d3226"},"description":"Cet hiver, rejoignez notre programme sp\u00e9cial de pr\u00e9paration au DELF B2. Concentrez-vous sur vos objectifs et r\u00e9ussissez votre examen.","breadcrumb":{"@id":"https:\/\/www.sofi64.com\/delf-b2-preparation-special-winter\/#breadcrumb"},"inLanguage":"fr-FR","potentialAction":[{"@type":"ReadAction","target":["https:\/\/www.sofi64.com\/delf-b2-preparation-special-winter\/"]}]},{"@type":"ImageObject","inLanguage":"fr-FR","@id":"https:\/\/www.sofi64.com\/delf-b2-preparation-special-winter\/#primaryimage","url":"https:\/\/www.sofi64.com\/wp-content\/uploads\/2025\/11\/DELF-B2-Prep-e1762178655499.png","contentUrl":"https:\/\/www.sofi64.com\/wp-content\/uploads\/2025\/11\/DELF-B2-Prep-e1762178655499.png","width":600,"height":1200,"caption":"DELF B2 Preparation"},{"@type":"BreadcrumbList","@id":"https:\/\/www.sofi64.com\/delf-b2-preparation-special-winter\/#breadcrumb","itemListElement":[{"@type":"ListItem","position":1,"name":"Home","item":"https:\/\/www.sofi64.com\/fr\/"},{"@type":"ListItem","position":2,"name":"Pr\u00e9paration DELF B2 \u2013 Sp\u00e9ciale Hiver 2026"}]},{"@type":"WebSite","@id":"https:\/\/www.sofi64.com\/#website","url":"https:\/\/www.sofi64.com\/","name":"SOFI 64 French Language School","description":"","potentialAction":[{"@type":"SearchAction","target":{"@type":"EntryPoint","urlTemplate":"https:\/\/www.sofi64.com\/?s={search_term_string}"},"query-input":{"@type":"PropertyValueSpecification","valueRequired":true,"valueName":"search_term_string"}}],"inLanguage":"fr-FR"},{"@type":"Person","@id":"https:\/\/www.sofi64.com\/#\/schema\/person\/18af9b4a7c5383b9f0cab774364d3226","name":"sofi64","image":{"@type":"ImageObject","inLanguage":"fr-FR","@id":"https:\/\/secure.gravatar.com\/avatar\/345afd6b16b32e34fa9b7ec1dd431f222989f7a5b939c97b47b2c2fda4ff6f21?s=96&d=mm&r=g","url":"https:\/\/secure.gravatar.com\/avatar\/345afd6b16b32e34fa9b7ec1dd431f222989f7a5b939c97b47b2c2fda4ff6f21?s=96&d=mm&r=g","contentUrl":"https:\/\/secure.gravatar.com\/avatar\/345afd6b16b32e34fa9b7ec1dd431f222989f7a5b939c97b47b2c2fda4ff6f21?s=96&d=mm&r=g","caption":"sofi64"},"url":"https:\/\/www.sofi64.com\/fr\/author\/sofi64\/"}]}},"_links":{"self":[{"href":"https:\/\/www.sofi64.com\/fr\/wp-json\/wp\/v2\/posts\/5018","targetHints":{"allow":["GET"]}}],"collection":[{"href":"https:\/\/www.sofi64.com\/fr\/wp-json\/wp\/v2\/posts"}],"about":[{"href":"https:\/\/www.sofi64.com\/fr\/wp-json\/wp\/v2\/types\/post"}],"author":[{"embeddable":true,"href":"https:\/\/www.sofi64.com\/fr\/wp-json\/wp\/v2\/users\/2"}],"replies":[{"embeddable":true,"href":"https:\/\/www.sofi64.com\/fr\/wp-json\/wp\/v2\/comments?post=5018"}],"version-history":[{"count":2,"href":"https:\/\/www.sofi64.com\/fr\/wp-json\/wp\/v2\/posts\/5018\/revisions"}],"predecessor-version":[{"id":5029,"href":"https:\/\/www.sofi64.com\/fr\/wp-json\/wp\/v2\/posts\/5018\/revisions\/5029"}],"wp:featuredmedia":[{"embeddable":true,"href":"https:\/\/www.sofi64.com\/fr\/wp-json\/wp\/v2\/media\/5012"}],"wp:attachment":[{"href":"https:\/\/www.sofi64.com\/fr\/wp-json\/wp\/v2\/media?parent=5018"}],"wp:term":[{"taxonomy":"category","embeddable":true,"href":"https:\/\/www.sofi64.com\/fr\/wp-json\/wp\/v2\/categories?post=5018"},{"taxonomy":"post_tag","embeddable":true,"href":"https:\/\/www.sofi64.com\/fr\/wp-json\/wp\/v2\/tags?post=5018"}],"curies":[{"name":"wp","href":"https:\/\/api.w.org\/{rel}","templated":true}]}}